[{"@context":"https:\/\/schema.org\/","@type":"Article","@id":"https:\/\/www.dezino.sk\/kupelna-ktora-nema-obdoby\/#Article","mainEntityOfPage":"https:\/\/www.dezino.sk\/kupelna-ktora-nema-obdoby\/","headline":"K\u00fape\u013e\u0148a, ktor\u00e1 nem\u00e1 obdoby","name":"K\u00fape\u013e\u0148a, ktor\u00e1 nem\u00e1 obdoby","description":"Potom, ako sme si k\u00fapili rodinn\u00fd dom, som sa nesmierne te\u0161ila na to, ako si ho budeme d\u00e1va\u0165 pekne dohromady. Na man\u017eela som nechala \u201emu\u017esk\u00e9\u201c pr\u00e1ce, teda r\u00f4zne murovania, pr\u00edstavby...","datePublished":"2019-08-18","dateModified":"2019-08-18","author":{"@type":"Person","@id":"https:\/\/www.dezino.sk\/author\/#Person","name":"","url":"https:\/\/www.dezino.sk\/author\/","identifier":1,"image":{"@type":"ImageObject","@id":"https:\/\/secure.gravatar.com\/avatar\/2dfb47fe8ef5e1795dc8fdf9fc01f7f6e0de0c5b588d6a35abd2f00b6a65d2be?s=96&d=mm&r=g","url":"https:\/\/secure.gravatar.com\/avatar\/2dfb47fe8ef5e1795dc8fdf9fc01f7f6e0de0c5b588d6a35abd2f00b6a65d2be?s=96&d=mm&r=g","height":96,"width":96}},"publisher":{"@type":"Organization","name":"dezino.sk","logo":{"@type":"ImageObject","@id":"\/logo.png","url":"\/logo.png","width":600,"height":60}},"image":{"@type":"ImageObject","@id":"https:\/\/www.dezino.sk\/wp-content\/uploads\/img_a307070_w16709_t1569838756.jpg","url":"https:\/\/www.dezino.sk\/wp-content\/uploads\/img_a307070_w16709_t1569838756.jpg","height":0,"width":0},"url":"https:\/\/www.dezino.sk\/kupelna-ktora-nema-obdoby\/","wordCount":408,"articleBody":"   Potom, ako sme si k\u00fapili rodinn\u00fd dom, som sa nesmierne te\u0161ila na to, ako si ho budeme d\u00e1va\u0165 pekne dohromady. Na man\u017eela som nechala \u201emu\u017esk\u00e9\u201c pr\u00e1ce, teda r\u00f4zne murovania, pr\u00edstavby a odstavby, no a ja som sa te\u0161ila hlavne na zaria\u010fovanie a dizajnovanie. V\u017edy som mala v hlave predstavu o k\u00fape\u013eni, ktor\u00fa bud\u00fa obdivova\u0165 v\u0161etci na\u0161i zn\u00e1my a rodina. Tak som sa do nej pustila ako do prvej. \u00daprimne povedan\u00e9, vyka\u0161\u013eala som sa na m\u00f3dne trendy a zaria\u010fovala pod\u013ea m\u00f4jho vkusu a estetick\u00e9ho c\u00edtenia. Pokia\u013e potrebujete n\u00e1js\u0165 nejak\u00fa t\u00fa in\u0161pir\u00e1ciu, ve\u013emi rada v\u00e1m ju poskytnem. Budem sa venova\u0165 konkr\u00e9tne dvom veciam, ktor\u00e9 z va\u0161e k\u00fape\u013ene urobia miesto, ktor\u00e9 nem\u00e1 obdoby.  Spr\u00e1vne zvolen\u00e9 svetlo urob\u00ed s k\u00fape\u013enou z\u00e1zraky Vo svojom okol\u00ed som si v\u0161imla, \u017ee \u013eudia takmer v\u00f4bec nerie\u0161ia osvetlenie v k\u00fape\u013eni. Ve\u013ek\u00e1 chyba! Spr\u00e1vne osvetlenie dok\u00e1\u017ee s danou miestnos\u0165ou urobi\u0165 naozaj z\u00e1zraky. To plat\u00ed aj v pr\u00edpade k\u00fape\u013ene. Nezabudnite na to, \u017ee nesmie iba dobre vyzera\u0165, ale taktie\u017e dobre sl\u00fa\u017ei\u0165. V k\u00fape\u013eni sa predsa ma\u013eujeme, rob\u00edme si vlasy, tak\u017ee potrebujeme dobre vidie\u0165. Ja som si cel\u00e9 zrkadlo olepila LED p\u00e1smibielej farby. Na strom som ich nalepila taktie\u017e, no na nich sa u\u017e daj\u00fa meni\u0165 farby. Je to super hlavne vtedy, ak si chcete urobi\u0165 romantick\u00fd ve\u010der s partnerom alebo si dopria\u0165 relaxa\u010dn\u00fd k\u00fape\u013e. Samozrejme, \u017ee nezabudnite ani na hlavn\u00e9 svetlo. My ho v podstate ani nevyu\u017e\u00edvame, preto\u017ee n\u00e1m ledky plne sta\u010dia. Zap\u00e1lime ho vlastne iba vtedy, ke\u010f upratujeme.  \u201e\u010da\u010dky \u2013 ma\u010dky\u201c si nechajte do in\u00fdch miestnost\u00ed Ke\u010f pr\u00eddete do obchodu s n\u00e1bytkom, zrkadlami alebo bytov\u00fdmi doplnkami, ur\u010dite v\u00e1s to bude \u0165aha\u0165 k tomu, aby ste k\u00fapili ve\u013ea, ve\u013ea vec\u00ed do k\u00fape\u013ene. To je chyba. Mne sa osved\u010dilo to, \u017ee \u010d\u00edm menej vec\u00ed v k\u00fape\u013eni je, t\u00fdm p\u00f4sob\u00ed kraj\u0161ie. Tak\u017ee ak si do nej chcete da\u0165 nejak\u00e9 so\u0161ky, tak maxim\u00e1lne jednu \u2013 dve a ide\u00e1lne v\u00e4\u010d\u0161\u00edch rozmerov https:\/\/sport.pravda.sk\/zimne-sporty\/clanok\/446375-online-najlepsia-tridsiatka-bojuje-v-2-kole-ako-sa-bude-darit-vlhovej\/  Takto vynikn\u00fa a splnia svoju dekora\u010dn\u00fa funkciu.                                                                                                                                                                                                                                                                                                                                                                                                  "},{"@context":"https:\/\/schema.org\/","@type":"BreadcrumbList","itemListElement":[{"@type":"ListItem","position":1,"name":"K\u00fape\u013e\u0148a, ktor\u00e1 nem\u00e1 obdoby","item":"https:\/\/www.dezino.sk\/kupelna-ktora-nema-obdoby\/#breadcrumbitem"}]}]